{"id":88,"date":"2022-07-01T11:51:28","date_gmt":"2022-07-01T09:51:28","guid":{"rendered":"http:\/\/erasmus.eik.regeneracja.org.pl\/?p=88"},"modified":"2022-11-30T11:58:16","modified_gmt":"2022-11-30T10:58:16","slug":"erasmus-europejski-inkubator-kulinarny-misja-hiszpania-czas-start","status":"publish","type":"post","link":"http:\/\/erasmus.eik.regeneracja.org.pl\/?p=88","title":{"rendered":"Erasmus+ \u201eEuropejski Inkubator Kulinarny\u201d misja Hiszpania czas start!!!"},"content":{"rendered":"\n<p>Wyruszamy na pierwsze mi\u0119dzynarodowe warsztaty do s\u0142onecznej Hiszpanii <img loading=\"lazy\" decoding=\"async\" width=\"16\" height=\"16\" src=\"https:\/\/static.xx.fbcdn.net\/images\/emoji.php\/v9\/tb8\/1.5\/16\/1f31e.png\" alt=\"\ud83c\udf1e\"><img loading=\"lazy\" decoding=\"async\" width=\"16\" height=\"16\" src=\"https:\/\/static.xx.fbcdn.net\/images\/emoji.php\/v9\/tb8\/1.5\/16\/1f31e.png\" alt=\"\ud83c\udf1e\"><img loading=\"lazy\" decoding=\"async\" width=\"16\" height=\"16\" src=\"https:\/\/static.xx.fbcdn.net\/images\/emoji.php\/v9\/tb8\/1.5\/16\/1f31e.png\" alt=\"\ud83c\udf1e\"> gdzie b\u0119dziemy poznawa\u0107 tradycje kulinarne i obyczaje naszych partner\u00f3w z po\u0142udniowej Europy jak r\u00f3wnie\u017c uczy\u0107 si\u0119 gotowania w duchu zasady zero waste oraz rozwija\u0107 umiej\u0119tno\u015bci zarz\u0105dzania domowymi finansami<img loading=\"lazy\" decoding=\"async\" width=\"16\" height=\"16\" src=\"https:\/\/static.xx.fbcdn.net\/images\/emoji.php\/v9\/tab\/1.5\/16\/1f648.png\" alt=\"\ud83d\ude48\"><img loading=\"lazy\" decoding=\"async\" width=\"16\" height=\"16\" src=\"https:\/\/static.xx.fbcdn.net\/images\/emoji.php\/v9\/t2c\/1.5\/16\/1f649.png\" alt=\"\ud83d\ude49\"><img loading=\"lazy\" decoding=\"async\" width=\"16\" height=\"16\" src=\"https:\/\/static.xx.fbcdn.net\/images\/emoji.php\/v9\/t54\/1.5\/16\/1f64a.png\" alt=\"\ud83d\ude4a\"><\/p>\n\n\n\n<p>Dzi\u0119kujemy <a href=\"https:\/\/www.facebook.com\/umciechanow\/?__cft__[0]=AZXQTs7Zltt2wRWEuifZerdypwi5_YfvpDqaiRiCUMET2Q1lDMcX7XqottThtGMrMsEIaYSSvSbP43bssl3gXRh2BdIugr1kOZm2hSNx8IX7b5OCwIt4ZYzAGvie3VnikPb9gtYpwVzLTBG3TouA6DMygdlpgLf2zYj5_g1AesoieABggjqenxUF9hUWYTn6omgqnSERijs3kYJlFUhefHN3&amp;__tn__=kK-R\">Urz\u0105d Miasta Ciechan\u00f3w<\/a> oraz <a href=\"https:\/\/www.facebook.com\/ciechanow.powiat\/?__cft__[0]=AZXQTs7Zltt2wRWEuifZerdypwi5_YfvpDqaiRiCUMET2Q1lDMcX7XqottThtGMrMsEIaYSSvSbP43bssl3gXRh2BdIugr1kOZm2hSNx8IX7b5OCwIt4ZYzAGvie3VnikPb9gtYpwVzLTBG3TouA6DMygdlpgLf2zYj5_g1AesoieABggjqenxUF9hUWYTn6omgqnSERijs3kYJlFUhefHN3&amp;__tn__=kK-R\">Starostwo Powiatowe w Ciechanowie<\/a> za pi\u0119kne gad\u017cety, kt\u00f3rymi b\u0119dziemy mogli obdarzy\u0107 naszych gospodarzy.<\/p>\n\n\n\n<figure class=\"wp-block-image size-large\"><img loading=\"lazy\" decoding=\"async\" width=\"768\" height=\"1024\" src=\"http:\/\/erasmus.eik.regeneracja.org.pl\/wp-content\/uploads\/2022\/11\/299275492_110163291800044_4742546955155857644_n-768x1024.jpg\" alt=\"2 kobiety, dziecko, materia\u0142y promocyjne\" class=\"wp-image-89\" srcset=\"http:\/\/erasmus.eik.regeneracja.org.pl\/wp-content\/uploads\/2022\/11\/299275492_110163291800044_4742546955155857644_n-768x1024.jpg 768w, http:\/\/erasmus.eik.regeneracja.org.pl\/wp-content\/uploads\/2022\/11\/299275492_110163291800044_4742546955155857644_n-225x300.jpg 225w, http:\/\/erasmus.eik.regeneracja.org.pl\/wp-content\/uploads\/2022\/11\/299275492_110163291800044_4742546955155857644_n-1152x1536.jpg 1152w, http:\/\/erasmus.eik.regeneracja.org.pl\/wp-content\/uploads\/2022\/11\/299275492_110163291800044_4742546955155857644_n.jpg 1500w\" sizes=\"auto, (max-width: 768px) 100vw, 768px\" \/><\/figure>\n","protected":false},"excerpt":{"rendered":"<p>Wyruszamy na pierwsze mi\u0119dzynarodowe warsztaty do s\u0142onecznej Hiszpanii gdzie [&hellip;]<\/p>\n","protected":false},"author":1,"featured_media":0,"comment_status":"open","ping_status":"open","sticky":false,"template":"","format":"standard","meta":{"footnotes":""},"categories":[6],"tags":[],"class_list":["post-88","post","type-post","status-publish","format-standard","hentry","category-hiszpania"],"_links":{"self":[{"href":"http:\/\/erasmus.eik.regeneracja.org.pl\/index.php?rest_route=\/wp\/v2\/posts\/88","targetHints":{"allow":["GET"]}}],"collection":[{"href":"http:\/\/erasmus.eik.regeneracja.org.pl\/index.php?rest_route=\/wp\/v2\/posts"}],"about":[{"href":"http:\/\/erasmus.eik.regeneracja.org.pl\/index.php?rest_route=\/wp\/v2\/types\/post"}],"author":[{"embeddable":true,"href":"http:\/\/erasmus.eik.regeneracja.org.pl\/index.php?rest_route=\/wp\/v2\/users\/1"}],"replies":[{"embeddable":true,"href":"http:\/\/erasmus.eik.regeneracja.org.pl\/index.php?rest_route=%2Fwp%2Fv2%2Fcomments&post=88"}],"version-history":[{"count":1,"href":"http:\/\/erasmus.eik.regeneracja.org.pl\/index.php?rest_route=\/wp\/v2\/posts\/88\/revisions"}],"predecessor-version":[{"id":90,"href":"http:\/\/erasmus.eik.regeneracja.org.pl\/index.php?rest_route=\/wp\/v2\/posts\/88\/revisions\/90"}],"wp:attachment":[{"href":"http:\/\/erasmus.eik.regeneracja.org.pl\/index.php?rest_route=%2Fwp%2Fv2%2Fmedia&parent=88"}],"wp:term":[{"taxonomy":"category","embeddable":true,"href":"http:\/\/erasmus.eik.regeneracja.org.pl\/index.php?rest_route=%2Fwp%2Fv2%2Fcategories&post=88"},{"taxonomy":"post_tag","embeddable":true,"href":"http:\/\/erasmus.eik.regeneracja.org.pl\/index.php?rest_route=%2Fwp%2Fv2%2Ftags&post=88"}],"curies":[{"name":"wp","href":"https:\/\/api.w.org\/{rel}","templated":true}]}}