{"id":133,"date":"2022-07-13T20:33:00","date_gmt":"2022-07-13T18:33:00","guid":{"rendered":"http:\/\/erasmus.eik.regeneracja.org.pl\/?p=133"},"modified":"2022-11-30T12:35:31","modified_gmt":"2022-11-30T11:35:31","slug":"ostatni-dzien-warsztatowych-zmagan","status":"publish","type":"post","link":"http:\/\/erasmus.eik.regeneracja.org.pl\/?p=133","title":{"rendered":"Ostatni dzie\u0144 warsztatowych zmaga\u0144 :-)"},"content":{"rendered":"\n<p><\/p>\n\n\n\n<p>Niestety \u2026 to ju\u017c ostatnia relacja z Erasmusowskich warsztat\u00f3w kulinarnych, kt\u00f3re odby\u0142y si\u0119 w s\u0142onecznej Hiszpanii<\/p>\n\n\n\n<p>Warto w tym miejscu wspomnie\u0107, \u017ce podczas wszystkich spotka\u0144 poznawali\u015bmy nie tylko SMAKI hiszpa\u0144skiej kuchni, ale r\u00f3wnie\u017c sposoby na niemarnowanie jedzenia i zarz\u0105dzanie domowym bud\u017cetem <img loading=\"lazy\" decoding=\"async\" src=\"https:\/\/static.xx.fbcdn.net\/images\/emoji.php\/v9\/t38\/1.5\/16\/1f4b5.png\" alt=\"\ud83d\udcb5\" width=\"16\" height=\"16\"><img loading=\"lazy\" decoding=\"async\" src=\"https:\/\/static.xx.fbcdn.net\/images\/emoji.php\/v9\/t75\/1.5\/16\/1f6d2.png\" alt=\"\ud83d\uded2\" width=\"16\" height=\"16\"><img loading=\"lazy\" decoding=\"async\" src=\"https:\/\/static.xx.fbcdn.net\/images\/emoji.php\/v9\/tbb\/1.5\/16\/1f4b8.png\" alt=\"\ud83d\udcb8\" width=\"16\" height=\"16\"> a \u017ce nic nie uczy lepiej ni\u017c praktyka, dlatego nasi Erasmusi udali si\u0119 na lokalne ryneczki, by wiedz\u0119 teoretyczn\u0105 wdro\u017cy\u0107 w dzia\u0142ania praktyczne <img loading=\"lazy\" decoding=\"async\" src=\"https:\/\/static.xx.fbcdn.net\/images\/emoji.php\/v9\/t38\/1.5\/16\/1f4b5.png\" alt=\"\ud83d\udcb5\" width=\"16\" height=\"16\"><img loading=\"lazy\" decoding=\"async\" src=\"https:\/\/static.xx.fbcdn.net\/images\/emoji.php\/v9\/t75\/1.5\/16\/1f6d2.png\" alt=\"\ud83d\uded2\" width=\"16\" height=\"16\"><img loading=\"lazy\" decoding=\"async\" src=\"https:\/\/static.xx.fbcdn.net\/images\/emoji.php\/v9\/tbb\/1.5\/16\/1f4b8.png\" alt=\"\ud83d\udcb8\" width=\"16\" height=\"16\"><img loading=\"lazy\" decoding=\"async\" src=\"https:\/\/static.xx.fbcdn.net\/images\/emoji.php\/v9\/t8a\/1.5\/16\/1f9ee.png\" alt=\"\ud83e\uddee\" width=\"16\" height=\"16\"><img loading=\"lazy\" decoding=\"async\" src=\"https:\/\/static.xx.fbcdn.net\/images\/emoji.php\/v9\/t75\/1.5\/16\/1f6d2.png\" alt=\"\ud83d\uded2\" width=\"16\" height=\"16\"><img loading=\"lazy\" decoding=\"async\" src=\"https:\/\/static.xx.fbcdn.net\/images\/emoji.php\/v9\/tb3\/1.5\/16\/1f4b0.png\" alt=\"\ud83d\udcb0\" width=\"16\" height=\"16\"><img loading=\"lazy\" decoding=\"async\" src=\"https:\/\/static.xx.fbcdn.net\/images\/emoji.php\/v9\/t36\/1.5\/16\/1f4b3.png\" alt=\"\ud83d\udcb3\" width=\"16\" height=\"16\"><img loading=\"lazy\" decoding=\"async\" src=\"https:\/\/static.xx.fbcdn.net\/images\/emoji.php\/v9\/t29\/1.5\/16\/1f9fe.png\" alt=\"\ud83e\uddfe\" width=\"16\" height=\"16\"><\/p>\n\n\n\n<p>*warsztaty realizowane w ramach projektu \u201eEuropejski Inkubator Kulinarny. Dziedzictwo kulinarne, kt\u00f3re \u0142\u0105czy, inspiruje i rozwija.\u201d finansowanego ze \u015brodk\u00f3w Komisji Europejskiej w ramach programu <a href=\"https:\/\/www.facebook.com\/erasmus.plus.communication?__cft__[0]=AZUxlpuYthE1b9-ldlyHnauww-92F_8hX_qoRLE0ic8U8EzJ5ykQfAN7WPEOhCoHL0cViOteERoyNQLHvqExBL7K6zhS-yiAP030xFdHDBkJBRvfoLt7RKgk2S5MAZkHJV9D3pLDQhrk4RNlYzXgH9BGhpX7uR730w5QXEZqGIDiC-h58T8IBHnWcZzEF-G4ta0NWLrqOfxgsU7LVHUYKs88&amp;__tn__=-]K-R\">Erasmus +<\/a> .<\/p>\n\n\n\n<figure class=\"wp-block-video\"><video height=\"1080\" style=\"aspect-ratio: 1920 \/ 1080;\" width=\"1920\" autoplay controls loop src=\"http:\/\/erasmus.eik.regeneracja.org.pl\/wp-content\/uploads\/2022\/11\/Warsztaty-dzien-6.mp4\" playsinline><\/video><figcaption class=\"wp-element-caption\">Warsztaty-dzien-6<\/figcaption><\/figure>\n","protected":false},"excerpt":{"rendered":"<p>Niestety \u2026 to ju\u017c ostatnia relacja z Erasmusowskich warsztat\u00f3w [&hellip;]<\/p>\n","protected":false},"author":1,"featured_media":0,"comment_status":"open","ping_status":"open","sticky":false,"template":"","format":"standard","meta":{"footnotes":""},"categories":[6],"tags":[],"class_list":["post-133","post","type-post","status-publish","format-standard","hentry","category-hiszpania"],"_links":{"self":[{"href":"http:\/\/erasmus.eik.regeneracja.org.pl\/index.php?rest_route=\/wp\/v2\/posts\/133","targetHints":{"allow":["GET"]}}],"collection":[{"href":"http:\/\/erasmus.eik.regeneracja.org.pl\/index.php?rest_route=\/wp\/v2\/posts"}],"about":[{"href":"http:\/\/erasmus.eik.regeneracja.org.pl\/index.php?rest_route=\/wp\/v2\/types\/post"}],"author":[{"embeddable":true,"href":"http:\/\/erasmus.eik.regeneracja.org.pl\/index.php?rest_route=\/wp\/v2\/users\/1"}],"replies":[{"embeddable":true,"href":"http:\/\/erasmus.eik.regeneracja.org.pl\/index.php?rest_route=%2Fwp%2Fv2%2Fcomments&post=133"}],"version-history":[{"count":1,"href":"http:\/\/erasmus.eik.regeneracja.org.pl\/index.php?rest_route=\/wp\/v2\/posts\/133\/revisions"}],"predecessor-version":[{"id":135,"href":"http:\/\/erasmus.eik.regeneracja.org.pl\/index.php?rest_route=\/wp\/v2\/posts\/133\/revisions\/135"}],"wp:attachment":[{"href":"http:\/\/erasmus.eik.regeneracja.org.pl\/index.php?rest_route=%2Fwp%2Fv2%2Fmedia&parent=133"}],"wp:term":[{"taxonomy":"category","embeddable":true,"href":"http:\/\/erasmus.eik.regeneracja.org.pl\/index.php?rest_route=%2Fwp%2Fv2%2Fcategories&post=133"},{"taxonomy":"post_tag","embeddable":true,"href":"http:\/\/erasmus.eik.regeneracja.org.pl\/index.php?rest_route=%2Fwp%2Fv2%2Ftags&post=133"}],"curies":[{"name":"wp","href":"https:\/\/api.w.org\/{rel}","templated":true}]}}