{"id":130,"date":"2022-07-12T12:31:33","date_gmt":"2022-07-12T10:31:33","guid":{"rendered":"http:\/\/erasmus.eik.regeneracja.org.pl\/?p=130"},"modified":"2022-11-30T12:33:08","modified_gmt":"2022-11-30T11:33:08","slug":"5-dzien-warsztatow","status":"publish","type":"post","link":"http:\/\/erasmus.eik.regeneracja.org.pl\/?p=130","title":{"rendered":"5 dzie\u0144 warsztat\u00f3w !!!"},"content":{"rendered":"\n<p>Dzie\u0144 5 warsztat\u00f3w, zrealizowanych w ramach projektu \u201eEuropejski Inkubator Kulinarny. Dziedzictwo kulinarne, kt\u00f3re \u0142\u0105czy, inspiruje i rozwija.\u201d finansowanego ze \u015brodk\u00f3w Komisji Europejskiej w ramach programu Erasmus+, odby\u0142 si\u0119 pod has\u0142em \u201ezero waste\u201d <img loading=\"lazy\" decoding=\"async\" alt=\"\ud83d\ude01\" src=\"https:\/\/static.xx.fbcdn.net\/images\/emoji.php\/v9\/ta8\/1.5\/16\/1f601.png\" width=\"16\" height=\"16\"><img loading=\"lazy\" decoding=\"async\" alt=\"\ud83d\ude01\" src=\"https:\/\/static.xx.fbcdn.net\/images\/emoji.php\/v9\/ta8\/1.5\/16\/1f601.png\" width=\"16\" height=\"16\"><img loading=\"lazy\" decoding=\"async\" alt=\"\ud83d\ude01\" src=\"https:\/\/static.xx.fbcdn.net\/images\/emoji.php\/v9\/ta8\/1.5\/16\/1f601.png\" width=\"16\" height=\"16\"><img loading=\"lazy\" decoding=\"async\" alt=\"\ud83d\ude01\" src=\"https:\/\/static.xx.fbcdn.net\/images\/emoji.php\/v9\/ta8\/1.5\/16\/1f601.png\" width=\"16\" height=\"16\"><img loading=\"lazy\" decoding=\"async\" alt=\"\ud83d\ude01\" src=\"https:\/\/static.xx.fbcdn.net\/images\/emoji.php\/v9\/ta8\/1.5\/16\/1f601.png\" width=\"16\" height=\"16\"><img loading=\"lazy\" decoding=\"async\" alt=\"\ud83d\ude01\" src=\"https:\/\/static.xx.fbcdn.net\/images\/emoji.php\/v9\/ta8\/1.5\/16\/1f601.png\" width=\"16\" height=\"16\"><\/p>\n\n\n\n<p>Absolutnie wszystkie sk\u0142adniki do przygotowywanych potraw pochodzi\u0142y z resztek jedzenia i smakowa\u0142y \u2026 ob\u0142\u0119dnie <img loading=\"lazy\" decoding=\"async\" alt=\"\ud83d\ude0b\" src=\"https:\/\/static.xx.fbcdn.net\/images\/emoji.php\/v9\/t59\/1.5\/16\/1f60b.png\" width=\"16\" height=\"16\"><img loading=\"lazy\" decoding=\"async\" alt=\"\ud83d\ude0b\" src=\"https:\/\/static.xx.fbcdn.net\/images\/emoji.php\/v9\/t59\/1.5\/16\/1f60b.png\" width=\"16\" height=\"16\"><img loading=\"lazy\" decoding=\"async\" alt=\"\ud83d\ude0b\" src=\"https:\/\/static.xx.fbcdn.net\/images\/emoji.php\/v9\/t59\/1.5\/16\/1f60b.png\" width=\"16\" height=\"16\"><img loading=\"lazy\" decoding=\"async\" alt=\"\ud83d\ude0b\" src=\"https:\/\/static.xx.fbcdn.net\/images\/emoji.php\/v9\/t59\/1.5\/16\/1f60b.png\" width=\"16\" height=\"16\"><img loading=\"lazy\" decoding=\"async\" alt=\"\ud83d\ude0b\" src=\"https:\/\/static.xx.fbcdn.net\/images\/emoji.php\/v9\/t59\/1.5\/16\/1f60b.png\" width=\"16\" height=\"16\"><\/p>\n\n\n\n<p>Czy wiedzieli\u015bcie, \u017ce \u201ewod\u0119\u201d z ciecierzycy mo\u017cemy ubi\u0107 jak bia\u0142ka jajek, doda\u0107 np. p\u0142ynn\u0105 czekolad\u0119 i zrobi\u0107 mus dla domowych mi\u0142o\u015bnik\u00f3w s\u0142odyczy <img loading=\"lazy\" decoding=\"async\" alt=\"\u2049\" src=\"https:\/\/static.xx.fbcdn.net\/images\/emoji.php\/v9\/t73\/1.5\/16\/2049.png\" width=\"16\" height=\"16\"><img loading=\"lazy\" decoding=\"async\" alt=\"\u2049\" src=\"https:\/\/static.xx.fbcdn.net\/images\/emoji.php\/v9\/t73\/1.5\/16\/2049.png\" width=\"16\" height=\"16\"><img loading=\"lazy\" decoding=\"async\" alt=\"\u2049\" src=\"https:\/\/static.xx.fbcdn.net\/images\/emoji.php\/v9\/t73\/1.5\/16\/2049.png\" width=\"16\" height=\"16\"><\/p>\n\n\n\n<p>My te\u017c nie <img loading=\"lazy\" decoding=\"async\" width=\"16\" height=\"16\" src=\"https:\/\/static.xx.fbcdn.net\/images\/emoji.php\/v9\/t29\/1.5\/16\/1f602.png\" alt=\"\ud83d\ude02\"><img loading=\"lazy\" decoding=\"async\" width=\"16\" height=\"16\" src=\"https:\/\/static.xx.fbcdn.net\/images\/emoji.php\/v9\/t29\/1.5\/16\/1f602.png\" alt=\"\ud83d\ude02\"><img loading=\"lazy\" decoding=\"async\" width=\"16\" height=\"16\" src=\"https:\/\/static.xx.fbcdn.net\/images\/emoji.php\/v9\/t29\/1.5\/16\/1f602.png\" alt=\"\ud83d\ude02\"><img loading=\"lazy\" decoding=\"async\" width=\"16\" height=\"16\" src=\"https:\/\/static.xx.fbcdn.net\/images\/emoji.php\/v9\/t29\/1.5\/16\/1f602.png\" alt=\"\ud83d\ude02\"><img loading=\"lazy\" decoding=\"async\" width=\"16\" height=\"16\" src=\"https:\/\/static.xx.fbcdn.net\/images\/emoji.php\/v9\/t29\/1.5\/16\/1f602.png\" alt=\"\ud83d\ude02\"><\/p>\n\n\n\n<figure class=\"wp-block-video\"><video height=\"1080\" style=\"aspect-ratio: 1920 \/ 1080;\" width=\"1920\" autoplay controls loop src=\"http:\/\/erasmus.eik.regeneracja.org.pl\/wp-content\/uploads\/2022\/11\/Warsztaty-Dzien-5.mp4\" playsinline><\/video><figcaption class=\"wp-element-caption\">Warsztaty-Dzien-5<\/figcaption><\/figure>\n\n\n\n<p><\/p>\n","protected":false},"excerpt":{"rendered":"<p>Dzie\u0144 5 warsztat\u00f3w, zrealizowanych w ramach projektu \u201eEuropejski Inkubator [&hellip;]<\/p>\n","protected":false},"author":1,"featured_media":0,"comment_status":"open","ping_status":"open","sticky":false,"template":"","format":"standard","meta":{"footnotes":""},"categories":[6],"tags":[],"class_list":["post-130","post","type-post","status-publish","format-standard","hentry","category-hiszpania"],"_links":{"self":[{"href":"http:\/\/erasmus.eik.regeneracja.org.pl\/index.php?rest_route=\/wp\/v2\/posts\/130","targetHints":{"allow":["GET"]}}],"collection":[{"href":"http:\/\/erasmus.eik.regeneracja.org.pl\/index.php?rest_route=\/wp\/v2\/posts"}],"about":[{"href":"http:\/\/erasmus.eik.regeneracja.org.pl\/index.php?rest_route=\/wp\/v2\/types\/post"}],"author":[{"embeddable":true,"href":"http:\/\/erasmus.eik.regeneracja.org.pl\/index.php?rest_route=\/wp\/v2\/users\/1"}],"replies":[{"embeddable":true,"href":"http:\/\/erasmus.eik.regeneracja.org.pl\/index.php?rest_route=%2Fwp%2Fv2%2Fcomments&post=130"}],"version-history":[{"count":1,"href":"http:\/\/erasmus.eik.regeneracja.org.pl\/index.php?rest_route=\/wp\/v2\/posts\/130\/revisions"}],"predecessor-version":[{"id":132,"href":"http:\/\/erasmus.eik.regeneracja.org.pl\/index.php?rest_route=\/wp\/v2\/posts\/130\/revisions\/132"}],"wp:attachment":[{"href":"http:\/\/erasmus.eik.regeneracja.org.pl\/index.php?rest_route=%2Fwp%2Fv2%2Fmedia&parent=130"}],"wp:term":[{"taxonomy":"category","embeddable":true,"href":"http:\/\/erasmus.eik.regeneracja.org.pl\/index.php?rest_route=%2Fwp%2Fv2%2Fcategories&post=130"},{"taxonomy":"post_tag","embeddable":true,"href":"http:\/\/erasmus.eik.regeneracja.org.pl\/index.php?rest_route=%2Fwp%2Fv2%2Ftags&post=130"}],"curies":[{"name":"wp","href":"https:\/\/api.w.org\/{rel}","templated":true}]}}